{"id":79,"date":"2020-12-26T09:08:10","date_gmt":"2020-12-26T09:08:10","guid":{"rendered":"https:\/\/demo.cmssuperheroes.com\/themeforest\/koira\/?p=79"},"modified":"2024-01-25T14:38:07","modified_gmt":"2024-01-25T13:38:07","slug":"energies-renouvelables-lenorme-potentiel-du-senegal","status":"publish","type":"post","link":"https:\/\/siera.sn\/index.php\/2020\/12\/26\/energies-renouvelables-lenorme-potentiel-du-senegal\/","title":{"rendered":"\u00c9nergies renouvelables : l\u2019\u00e9norme potentiel du S\u00e9n\u00e9gal"},"content":{"rendered":"<p><strong>Le S\u00e9n\u00e9gal mise sur la promotion d\u2019une \u00e9nergie productive et souhaite mettre l\u2019accent sur les \u00e9nergies renouvelables. Depuis plusieurs ann\u00e9es, le S\u00e9n\u00e9gal s\u2019efforce de devenir un acteur r\u00e9gional puissant dans le domaine des \u00e9nergies renouvelables sur un continent o\u00f9 la majorit\u00e9 de la population reste hors r\u00e9seau.<\/strong><\/p>\n<p><em>\u201cIci, nous sommes en Afrique et on a quelque chose qui est \u00e0 profusion et qui est le soleil.\u201d\u00a0<\/em>Cette observation d\u2019Adama Ndour, jeune Dakaroise employ\u00e9e dans une entreprise d\u2019installation de panneaux solaires est un secret de polichinelle, selon Boubacar Tour\u00e9, sp\u00e9cialiste des \u00e9nergies renouvelables \u00e0 Dakar. Il confirme que le\u00a0<a class=\"internal-link\" href=\"https:\/\/www.dw.com\/fr\/s%C3%A9n%C3%A9gal\/t-19053702\">S\u00e9n\u00e9gal<\/a>\u00a0dispose d\u2019\u00e9normes potentialit\u00e9s\u00a0<a class=\"internal-link\" href=\"https:\/\/www.dw.com\/fr\/l%C3%A9nergie-verte-un-luxe\/a-16198690\">en mati\u00e8re d\u2019\u00e9nergies renouvelables<\/a>\u00a0: le solaire,\u00a0<a class=\"internal-link\" href=\"https:\/\/www.dw.com\/fr\/l%C3%A9olien-une-%C3%A9nergie-dans-le-vent\/a-16069705\">l\u2019\u00e9olienne<\/a>, la biomasse, la mar\u00e9motrice, 700 km de c\u00f4te et un ensoleillement sur presque toute l\u2019ann\u00e9e<\/p>\n<p>&nbsp;<\/p>\n<p><em>\u201cD\u2019un point de vue institutionnel, il faut reconna\u00eetre que l\u2019Etat du S\u00e9n\u00e9gal a fait d\u2019\u00e9normes efforts. Ils sont inscrits dans un programme de mix \u00e9nerg\u00e9tique. Ils sont aussi dans les ODD (Objectifs pour un D\u00e9veloppement Durable) qui pr\u00f4nent l\u2019utilisation d\u2019une large part des \u00e9nergies renouvelables dans la production \u00e9nerg\u00e9tique du pays. Et ils ont fait aussi une l\u00e9gislation fiscale pour l\u2019entr\u00e9e des produits solaires au S\u00e9n\u00e9gal.\u201d<\/em><\/p>\n<h2>La population doit \u00eatre la\u00a0premi\u00e8re b\u00e9n\u00e9ficiaire<\/h2>\n<p>Le potentiel est donc bien l\u00e0 s\u2019agissant des \u00e9nergies renouvelables. Ces \u00e9nergies devraient permettre aux populations d\u2019\u00e9clairer leur m\u00e9nage mais aussi de mener des activit\u00e9s g\u00e9n\u00e9ratrices de revenus.<\/p>\n<p><em>\u201cIl [le S\u00e9n\u00e9gal] s\u2019oriente beaucoup plus maintenant vers l\u2019\u00e9nergie productive\u201d<\/em>, explique\u00a0Mouhamed Ndoye, responsable commercial de Bonergie S\u00e9n\u00e9gal, une entreprise allemande bas\u00e9e \u00e0 Dakar.\u00a0\u201c<em>Faire des installations qui vont permettre aux populations d\u2019avoir de l\u2019\u00e9clairage mais surtout de pouvoir travailler; que ce soit ceux qui ont des machines, des unit\u00e9s de transformation parce qu\u2019aujourd\u2019hui, si les populations ont juste l\u2019\u00e9clairage et qu\u2019elles n\u2019ont pas de quoi travailler, elles n\u2019auront pas de revenus pour s\u2019abonner si c\u2019est une mini centrale qui a \u00e9t\u00e9 install\u00e9e dans un village.\u201d<\/em><\/p>\n<p><img decoding=\"async\" src=\"https:\/\/pcs-sn.com\/wp-content\/uploads\/2023\/09\/61897692_906-1024x624.jpeg\" \/><\/p>\n<p>Macky Sall et Olaf Scholz lors de l\u2019inauguration de la centrale photovolta\u00efque de Diass le 22 mai 2022. Celle-ci est le fruit d\u2019une coop\u00e9ration germano-s\u00e9n\u00e9galaise.<\/p>\n<p>&nbsp;<\/p>\n<h2 class=\"wp-block-heading\">Raccorder tout le pays<\/h2>\n<p><a href=\"https:\/\/corporate.dw.com\/fr\/les-renouvelables-comme-solution-aux-probl%C3%A8mes-d%C3%A9lectrification\/a-15887016\" target=\"_blank\" rel=\"noreferrer noopener\">Le plan d\u2019acc\u00e8s universel \u00e0 l\u2019\u00e9lectricit\u00e9 \u00e0 l\u2019horizon 2025<\/a>\u00a0du gouvernement du S\u00e9n\u00e9gal pr\u00e9voit 100 % de couverture des villages non \u00e9lectrifi\u00e9s et un taux d\u2019acc\u00e8s de 85% en 2023, pr\u00e9cise S\u00e9cou Sarr, le directeur d\u2019Enda Energie. L\u2019organisation s\u2019occupe des questions d\u2019acc\u00e8s \u00e0 l\u2019\u00e9nergie durable, \u00e0 la r\u00e9silience et \u00e0 l\u2019autonomisation des populations et des \u00e9cosyst\u00e8mes face aux impacts environnementaux.<\/p>\n<p><em>\u201cNous avons d\u00e9velopp\u00e9 avec\u00a0<a href=\"https:\/\/www.dw.com\/fr\/olaf-scholz-afrique-tourn%C3%A9e-s%C3%A9n%C3%A9gal-niger-afrique-du-sud\/a-61882945\">l\u2019appui de l\u2019Union europ\u00e9enne<\/a>, un programme qui articule l\u2019\u00e9nergie solaire et la cha\u00eene de valeur dans le cadre d\u2019une des grandes initiatives qu\u2019on avait nomm\u00e9es SESA (Souverainet\u00e9 Energ\u00e9tique pour la Souverainet\u00e9 Alimentaire). On consid\u00e8re que si on doit assurer la souverainet\u00e9 alimentaire, il faut une ma\u00eetrise de l\u2019\u00e9nergie parce que quand on ma\u00eetrise l\u2019\u00e9nergie, on ma\u00eetrise facilement les autres aspects notamment, la ma\u00eetrise de l\u2019eau. Et sans eau, on ne peut pas\u00a0faire de l\u2019agriculture. C\u2019est ce qu\u2019on est en train de promouvoir aujourd\u2019hui en mati\u00e8re d\u2019acc\u00e8s \u00e0 l\u2019\u00e9nergie notamment pour les usages productifs.\u201d<\/em><\/p>\n<p>D\u2019apr\u00e8s les statistiques, le taux d\u2019\u00e9lectrification rurale du S\u00e9n\u00e9gal avoisine les 42%, a indiqu\u00e9 le directeur d\u2019Enda Energie. Au moins 13.000\u00a0villages restent \u00e0 \u00e9lectrifier sur les plus de 21.000\u00a0que compte le pays.<\/p>\n<figure class=\"wp-block-gallery has-nested-images columns-default is-cropped wp-block-gallery-1 is-layout-flex wp-block-gallery-is-layout-flex\"><\/figure>\n","protected":false},"excerpt":{"rendered":"<p>All of these factors are important consider when permitting your solar system, and can help streamline your process. Take time to consider these often looked aspects&#8230;<\/p>\n","protected":false},"author":1,"featured_media":17755,"comment_status":"open","ping_status":"open","sticky":false,"template":"","format":"standard","meta":{"_monsterinsights_skip_tracking":false,"_monsterinsights_sitenote_active":false,"_monsterinsights_sitenote_note":"","_monsterinsights_sitenote_category":0,"footnotes":""},"categories":[1],"tags":[64],"aioseo_notices":[],"_links":{"self":[{"href":"https:\/\/siera.sn\/index.php\/wp-json\/wp\/v2\/posts\/79"}],"collection":[{"href":"https:\/\/siera.sn\/index.php\/wp-json\/wp\/v2\/posts"}],"about":[{"href":"https:\/\/siera.sn\/index.php\/wp-json\/wp\/v2\/types\/post"}],"author":[{"embeddable":true,"href":"https:\/\/siera.sn\/index.php\/wp-json\/wp\/v2\/users\/1"}],"replies":[{"embeddable":true,"href":"https:\/\/siera.sn\/index.php\/wp-json\/wp\/v2\/comments?post=79"}],"version-history":[{"count":2,"href":"https:\/\/siera.sn\/index.php\/wp-json\/wp\/v2\/posts\/79\/revisions"}],"predecessor-version":[{"id":17086,"href":"https:\/\/siera.sn\/index.php\/wp-json\/wp\/v2\/posts\/79\/revisions\/17086"}],"wp:featuredmedia":[{"embeddable":true,"href":"https:\/\/siera.sn\/index.php\/wp-json\/wp\/v2\/media\/17755"}],"wp:attachment":[{"href":"https:\/\/siera.sn\/index.php\/wp-json\/wp\/v2\/media?parent=79"}],"wp:term":[{"taxonomy":"category","embeddable":true,"href":"https:\/\/siera.sn\/index.php\/wp-json\/wp\/v2\/categories?post=79"},{"taxonomy":"post_tag","embeddable":true,"href":"https:\/\/siera.sn\/index.php\/wp-json\/wp\/v2\/tags?post=79"}],"curies":[{"name":"wp","href":"https:\/\/api.w.org\/{rel}","templated":true}]}}